
{"id":2613,"slug":"eleicoes-2016","link":"https:\/\/transparencia.cfp.org.br\/crp03\/eleicao\/eleicoes-2016\/","class_list":["post-2613","eleicao","type-eleicao","status-publish","hentry"],"documentos":[{"file_uploaded":2617,"document_name":"Resultado","link":"https:\/\/transparencia.cfp.org.br\/crp03\/wp-content\/uploads\/sites\/13\/2020\/11\/eleicoes-2016-1.pdf"},{"file_uploaded":2115,"document_name":"Ata de Posse","link":"https:\/\/transparencia.cfp.org.br\/crp03\/wp-content\/uploads\/sites\/13\/2019\/09\/Ata-posse-2016.pdf"}],"titulo":"Elei\u00e7\u00f5es 2016","conteudo":"Apura\u00e7\u00e3o das Elei\u00e7\u00f5es de 2016 para XV Plen\u00e1rio do CRP-03:\n\n\n\nChapa\nVotos\n\n\nCuidar da profiss\u00e3o\n1479\n\n\nPsicologias em Movimento\n1509\n\n\n\nVotos brancos: 88\nVotos nulos: 150\nTotal: 3226\n"}