
{"id":2584,"slug":"comissao-de-comunicacao","link":"https:\/\/transparencia.cfp.org.br\/crp03\/comissao\/comissao-de-comunicacao\/","class_list":["post-2584","comissao","type-comissao","status-publish","hentry","comissao_carater-especial"],"_comissao_carater":[{"id":48,"nome":"Especial","slug":"especial","link":"https:\/\/dev-transparencia.cfp.org.br\/wp-json\/wp\/v2\/comissao?comissaocarater=especial"}],"titulo":"Comiss\u00e3o de Comunica\u00e7\u00e3o","conteudo":"A Comiss\u00e3o de Comunica\u00e7\u00e3o foi criada pelo XII Plen\u00e1rio com o objetivo de qualificar a comunica\u00e7\u00e3o institucional do CRP-03. Ciente de que o tema est\u00e1 intimamente ligado \u00e0 produ\u00e7\u00e3o subjetividades, a Comiss\u00e3o inseriu-se tamb\u00e9m no debate sobre a Democratiza\u00e7\u00e3o da Comunica\u00e7\u00e3o, atrav\u00e9s do GT de Psicologia e M\u00eddia. Este GT dedicou-se a ampliar as discuss\u00f5es sobre a influ\u00eancia da m\u00eddia na produ\u00e7\u00e3o de subjetividades e \u00e0s a\u00e7\u00f5es do movimento Pr\u00f3-Confer\u00eancia Nacional pela Democratiza\u00e7\u00e3o da Comunica\u00e7\u00e3o \u2013 campanha desenvolvida nacionalmente pelo Conselho Federal de Psicologia em parceria com outras entidades e movimentos sociais.\nContato: compc@crp03.org.br.\n\u00a0\n"}