
{"id":2574,"slug":"comissao-de-politicas-publicas","link":"https:\/\/transparencia.cfp.org.br\/crp03\/comissao\/comissao-de-politicas-publicas\/","class_list":["post-2574","comissao","type-comissao","status-publish","hentry","comissao_carater-permanente"],"_comissao_carater":[{"id":47,"nome":"Permanente","slug":"permanente","link":"https:\/\/dev-transparencia.cfp.org.br\/wp-json\/wp\/v2\/comissao?comissaocarater=permanente"}],"titulo":"Comiss\u00e3o de Pol\u00edticas P\u00fablicas","conteudo":"Considerando a crescente inser\u00e7\u00e3o das\/os profissionais de psicologia no campo das pol\u00edticas p\u00fablicas e a necessidade de construir uma agenda que incite de forma permanente as reflex\u00f5es acerca desta pr\u00e1tica, \u00e9 que se organiza o Grupo de Trabalho de Psicologia e Pol\u00edticas P\u00fablicas (GTPP). Vinculado a Comiss\u00e3o de Pol\u00edticas P\u00fablicas, o GTPP\u00a0deu in\u00edcio \u00e0s suas atividades em 2013, tendo como a\u00e7\u00e3o a produ\u00e7\u00e3o da \u201cCartilha Online: Psicologia e Pol\u00edticas P\u00fablicas\u201d, feita por uma equipe a\u00a0partir do Edital de Sele\u00e7\u00e3o\u00a0realizado pelo CREPOP 03 no mesmo ano.\u00a0Sendo as coletividades lugar pol\u00edtico e de constru\u00e7\u00e3o de estrat\u00e9gias para a\u00e7\u00e3o, o GTPP tamb\u00e9m se faz espa\u00e7o de articula\u00e7\u00e3o, \u00a0organiza\u00e7\u00e3o e potencializador das a\u00e7\u00f5es do CREPOP 03. Neste sentido, elencam-se como um dos objetivos deste grupo:\u00a0pautar a\u00e7\u00f5es e discuss\u00f5es acerca da psicologia nas pol\u00edticas p\u00fablicas, em articula\u00e7\u00e3o com o CREPOP e os demais GT\u2019s da Comiss\u00e3o de Pol\u00edticas P\u00fablicas; Fomentar um posicionamento \u00e9tico-pol\u00edtico da categoria enquanto ci\u00eancia e profiss\u00e3o comprometido com o enfrentamento das desigualdades sociais e a garantia de direitos humanos; Idealizar, executar e conduzir a I Mostra de Pr\u00e1ticas de Psicologia e Pol\u00edticas P\u00fablicas da Bahia. As atividades do Grupo s\u00e3o coordenadas pela\u00a0Equipe T\u00e9cnica CREPOP 03 e acontecem quinzenalmente na sede do CRP-03.\nContato:\n"}