
{"id":2572,"slug":"comissao-de-saude","link":"https:\/\/transparencia.cfp.org.br\/crp03\/comissao\/comissao-de-saude\/","class_list":["post-2572","comissao","type-comissao","status-publish","hentry","comissao_carater-permanente"],"_comissao_carater":[{"id":47,"nome":"Permanente","slug":"permanente","link":"https:\/\/dev-transparencia.cfp.org.br\/wp-json\/wp\/v2\/comissao?comissaocarater=permanente"}],"titulo":"Comiss\u00e3o de Sa\u00fade","conteudo":"A Comiss\u00e3o de Sa\u00fade mant\u00e9m di\u00e1logo constante com entidades do movimento social quanto a atua\u00e7\u00e3o da\/o psic\u00f3loga\/o, \u00e0s mudan\u00e7as sociais e articula\u00e7\u00e3o de lutas em comum que afetem o cen\u00e1rio atual em Sa\u00fade P\u00fablica. O trabalho da comiss\u00e3o \u00e9 auxiliado ainda pelas atividades desenvolvidas pelos grupos de trabalho a ela vinculados, que promovem a\u00e7\u00f5es nas \u00e1reas de psicoterapia, sa\u00fade mental e sa\u00fade suplementar. Nesse sentido, o contato com diversas entidades que se envolvam com a tem\u00e1tica, como os Conselhos Municipais e Estadual de Sa\u00fade, as Universidades e Faculdades, a Associa\u00e7\u00e3o Brasileira de Ensino de Psicologia (ABEP) e a Associa\u00e7\u00e3o Nacional de Pesquisa e P\u00f3s-Gradua\u00e7\u00e3o em Psicologia (ANPEPP) s\u00e3o fundamentais para firmar a posi\u00e7\u00e3o do discurso da categoria e se atualizar sobre mudan\u00e7as sociais e articula\u00e7\u00e3o de lutas em comum que afetem o cen\u00e1rio atual em sa\u00fade p\u00fablica.\nContato: saude@crp03.org.br\n"}