
{"id":1866,"slug":"atas-2019","link":"https:\/\/transparencia.cfp.org.br\/crp03\/ata\/atas-2019\/","class_list":["post-1866","ata","type-ata","status-publish","hentry","ata_reuniao-plenaria"],"documentos":[{"file_uploaded":2185,"document_name":"Ata de Plen\u00e1ria Ordin\u00e1ria - 12 de janeiro de 2019","link":"https:\/\/transparencia.cfp.org.br\/crp03\/wp-content\/uploads\/sites\/13\/2019\/01\/ata-plenaria-ordinaria-janeiro2019-1.pdf"},{"file_uploaded":2197,"document_name":"Ata de Plen\u00e1ria Ordin\u00e1ria - 23 de mar\u00e7o de 2019","link":"https:\/\/transparencia.cfp.org.br\/crp03\/wp-content\/uploads\/sites\/13\/2019\/01\/ata-plenaria-ordinaria-mar\u00e7o2019.pdf"},{"file_uploaded":2193,"document_name":"Ata de Plen\u00e1ria Ordin\u00e1ria - 27 de abril de 2019","link":"https:\/\/transparencia.cfp.org.br\/crp03\/wp-content\/uploads\/sites\/13\/2019\/01\/ata-plenaria-ordinaria-abril2019.pdf"},{"file_uploaded":2196,"document_name":"Ata de Plen\u00e1ria Ordin\u00e1ria - 27 de julho de 2019","link":"https:\/\/transparencia.cfp.org.br\/crp03\/wp-content\/uploads\/sites\/13\/2019\/01\/ata-plenaria-ordinaria-julho2019.pdf"},{"file_uploaded":2194,"document_name":"Ata de Plen\u00e1ria Ordin\u00e1ria - 31 de agosto de 2019","link":"https:\/\/transparencia.cfp.org.br\/crp03\/wp-content\/uploads\/sites\/13\/2019\/01\/ata-plenaria-ordinaria-agosto2019.pdf"}],"_ata_reuniao":[{"id":27,"nome":"Plen\u00e1rias","slug":"plenaria","link":"https:\/\/dev-transparencia.cfp.org.br\/wp-json\/wp\/v2\/ata?atareuniao=plenaria"}],"titulo":"Atas de Plen\u00e1ria Ordin\u00e1ria 2019 \u2013 CRP-03 \u2013 XV Plen\u00e1rio","conteudo":""}