
{"id":1012,"slug":"variacoes-patrimoniais","link":"https:\/\/transparencia.cfp.org.br\/crp02\/financa\/variacoes-patrimoniais\/","class_list":["post-1012","financa","type-financa","status-publish","hentry","financa_demonstrativo-variacoes-patrimoniais"],"documentos":[{"file_uploaded":1592,"document_name":"Varia\u00e7\u00f5es Patrimoniais - Janeiro 2013","link":"https:\/\/transparencia.cfp.org.br\/crp02\/wp-content\/uploads\/sites\/22\/2017\/05\/VariacoesPatrimoniais-janeiro-1.pdf"},{"file_uploaded":1593,"document_name":"Varia\u00e7\u00f5es Patrimoniais - Fevereiro 2013","link":"https:\/\/transparencia.cfp.org.br\/crp02\/wp-content\/uploads\/sites\/22\/2017\/05\/VariacoesPatrimoniais-fevereiro.pdf"},{"file_uploaded":1594,"document_name":"Varia\u00e7\u00f5es Patrimoniais - Mar\u00e7o 2013","link":"https:\/\/transparencia.cfp.org.br\/crp02\/wp-content\/uploads\/sites\/22\/2017\/05\/VariacoesPatrimoniaismarco.pdf"},{"file_uploaded":1595,"document_name":"Varia\u00e7\u00f5es Patrimoniais - Abril 2013","link":"https:\/\/transparencia.cfp.org.br\/crp02\/wp-content\/uploads\/sites\/22\/2017\/05\/VariacoesPatrimoniais-abril-1.pdf"},{"file_uploaded":1596,"document_name":"Varia\u00e7\u00f5es Patrimoniais - Maio 2013","link":"https:\/\/transparencia.cfp.org.br\/crp02\/wp-content\/uploads\/sites\/22\/2017\/05\/VariacoesPatrimoniais-maio.pdf"},{"file_uploaded":1597,"document_name":"Varia\u00e7\u00f5es Patrimoniais - Junho 2013","link":"https:\/\/transparencia.cfp.org.br\/crp02\/wp-content\/uploads\/sites\/22\/2017\/05\/VariacoesPatrimoniais-junho.pdf"},{"file_uploaded":1598,"document_name":"Varia\u00e7\u00f5es Patrimoniais - Julho 2013","link":"https:\/\/transparencia.cfp.org.br\/crp02\/wp-content\/uploads\/sites\/22\/2017\/05\/VariacoesPatrimoniais-julho-1.pdf"},{"file_uploaded":1599,"document_name":"Varia\u00e7\u00f5es Patrimoniais - Agosto 2013","link":"https:\/\/transparencia.cfp.org.br\/crp02\/wp-content\/uploads\/sites\/22\/2017\/05\/VariacoesPatrimoniais-Agosto.pdf"},{"file_uploaded":1600,"document_name":"Varia\u00e7\u00f5es Patrimoniais - Setembro 2013","link":"https:\/\/transparencia.cfp.org.br\/crp02\/wp-content\/uploads\/sites\/22\/2017\/05\/VariacoesPatrimoniais-SETEMBRO.pdf"},{"file_uploaded":1601,"document_name":"Varia\u00e7\u00f5es Patrimoniais - Outubro 2013","link":"https:\/\/transparencia.cfp.org.br\/crp02\/wp-content\/uploads\/sites\/22\/2017\/05\/VariacoesPatrimoniais-OUTUBRO.pdf"},{"file_uploaded":1602,"document_name":"Varia\u00e7\u00f5es Patrimoniais - Novembro 2013","link":"https:\/\/transparencia.cfp.org.br\/crp02\/wp-content\/uploads\/sites\/22\/2017\/05\/VariacoesPatrimoniais-NOVEMBRO.pdf"},{"file_uploaded":1603,"document_name":"Varia\u00e7\u00f5es Patrimoniais - Dezembro 2013","link":"https:\/\/transparencia.cfp.org.br\/crp02\/wp-content\/uploads\/sites\/22\/2017\/05\/VariacoesPatrimoniais-DEZEMBRO.pdf"}],"_financa_demonstrativo":[{"id":40,"nome":"Varia\u00e7\u00f5es Patrimoniais","slug":"variacoes-patrimoniais","link":"https:\/\/dev-transparencia.cfp.org.br\/wp-json\/wp\/v2\/financa?financademonstrativo=variacoes-patrimoniais"}],"titulo":"Varia\u00e7\u00f5es Patrimoniais 2013","conteudo":"Varia\u00e7\u00f5es Patrimoniais do Conselho Regional de Psicologia 2\u00aa Regi\u00e3o referente ao exerc\u00edcio de 2013.\n"}