
{"id":1721,"slug":"concurso-publico-no-012014-para-cargos-de-niveis-medio-e-superior","link":"https:\/\/transparencia.cfp.org.br\/crp02\/concurso\/concurso-publico-no-012014-para-cargos-de-niveis-medio-e-superior\/","class_list":["post-1721","concurso","type-concurso","status-publish","hentry"],"titulo":"CONCURSO P\u00daBLICO N\u00ba 01\/2014 PARA CARGOS DE N\u00cdVEIS M\u00c9DIO E SUPERIOR","conteudo":"","documentos":[{"file_uploaded":1741,"document_name":"EDITAL NORMATIVO N\u00ba 01\/2014","link":"https:\/\/transparencia.cfp.org.br\/crp02\/wp-content\/uploads\/sites\/22\/2017\/05\/1_crp2pe_concurso_publico_2014_v01-1.pdf"},{"file_uploaded":1743,"document_name":"Rela\u00e7\u00e3o Preliminar de Isen\u00e7\u00e3o de taxa de Inscri\u00e7\u00e3o Deferida ","link":"https:\/\/transparencia.cfp.org.br\/crp02\/wp-content\/uploads\/sites\/22\/2017\/05\/1_CRP2_relacao_preliminar_isencao_taxa_de_inscricao_deferidas-1.pdf"},{"file_uploaded":1744,"document_name":"Rela\u00e7\u00e3o Preliminar de Isen\u00e7\u00e3o de Taxa de Inscri\u00e7\u00e3o Indeferidas ","link":"https:\/\/transparencia.cfp.org.br\/crp02\/wp-content\/uploads\/sites\/22\/2017\/05\/1_CRP2_relacao_preliminar_isencao_taxa_de_inscricao_indeferidas-1.pdf"},{"file_uploaded":1745,"document_name":"Rela\u00e7\u00e3o Final de Isen\u00e7\u00e3o de Taxa de Inscri\u00e7\u00e3o Deferidas ","link":"https:\/\/transparencia.cfp.org.br\/crp02\/wp-content\/uploads\/sites\/22\/2017\/05\/1_CRP2_relacao_final_isencao_taxa_de_inscricao_deferidas-2.pdf"},{"file_uploaded":1746,"document_name":"Rela\u00e7\u00e3o Final de Isen\u00e7\u00e3o de Taxa de Inscri\u00e7\u00e3o Indeferidas ","link":"https:\/\/transparencia.cfp.org.br\/crp02\/wp-content\/uploads\/sites\/22\/2017\/05\/1_CRP2_relacao_final_isencao_taxa_de_inscricao_indeferidas-1.pdf"},{"file_uploaded":1747,"document_name":"Gabarito Preliminar ","link":"https:\/\/transparencia.cfp.org.br\/crp02\/wp-content\/uploads\/sites\/22\/2017\/05\/1_CRP2_gabarito_preliminar-1.pdf"},{"file_uploaded":1749,"document_name":"Justificativas de Altera\u00e7\u00f5es de Gabarito Preliminar ","link":"https:\/\/transparencia.cfp.org.br\/crp02\/wp-content\/uploads\/sites\/22\/2017\/05\/1_crp2_justificativas_de_alteracoes_de_gabarito_preliminar-1.pdf"},{"file_uploaded":1750,"document_name":"Gabarito Definitivo","link":"https:\/\/transparencia.cfp.org.br\/crp02\/wp-content\/uploads\/sites\/22\/2017\/05\/1_CRP2_gabarito_definitivo-1.pdf"},{"file_uploaded":1751,"document_name":"Resultado Preliminar 200","link":"https:\/\/transparencia.cfp.org.br\/crp02\/wp-content\/uploads\/sites\/22\/2017\/05\/1_CRP2_resultado_preliminar_200-1.pdf"},{"file_uploaded":1752,"document_name":"Resultado Preliminar 210","link":"https:\/\/transparencia.cfp.org.br\/crp02\/wp-content\/uploads\/sites\/22\/2017\/05\/1_CRP2_resultado_preliminar_210-1.pdf"},{"file_uploaded":1753,"document_name":"Resultado Preliminar 300","link":"https:\/\/transparencia.cfp.org.br\/crp02\/wp-content\/uploads\/sites\/22\/2017\/05\/1_CRP2_resultado_preliminar_300-1.pdf"},{"file_uploaded":1754,"document_name":"Resultado Final 200","link":"https:\/\/transparencia.cfp.org.br\/crp02\/wp-content\/uploads\/sites\/22\/2017\/05\/1_CRP2_resultado_final_200-1.pdf"},{"file_uploaded":1755,"document_name":"Resultado Final 210","link":"https:\/\/transparencia.cfp.org.br\/crp02\/wp-content\/uploads\/sites\/22\/2017\/05\/1_CRP2_resultado_final_210-1.pdf"},{"file_uploaded":1756,"document_name":"Resultado Final 300","link":"https:\/\/transparencia.cfp.org.br\/crp02\/wp-content\/uploads\/sites\/22\/2017\/05\/1_CRP2_resultado_final_300-1.pdf"},{"file_uploaded":1757,"document_name":"Prorroga\u00e7\u00e3o de Validade 2016","link":"https:\/\/transparencia.cfp.org.br\/crp02\/wp-content\/uploads\/sites\/22\/2017\/05\/1_CRP-02_prorrog_validade_2016-1.pdf"}]}