
{"id":5751,"slug":"assembleia-geral-extraordinaria-do-conselho-regional-de-psicologia-do-df-deflagracao-do-processo-eleitoral","link":"https:\/\/transparencia.cfp.org.br\/crp01\/ata\/assembleia-geral-extraordinaria-do-conselho-regional-de-psicologia-do-df-deflagracao-do-processo-eleitoral\/","class_list":["post-5751","ata","type-ata","status-publish","hentry","ata_reuniao-assembleia-geral-ordinaria-crp01"],"documentos":[{"file_uploaded":5753,"document_name":"ASSEMBL\u00c9IA GERAL EXTRAORDIN\u00c1RIA DO CONSELHO REGIONAL DE PSICOLOGIA DO DF - Deflagra\u00e7\u00e3o do processo eleitoral","link":"https:\/\/transparencia.cfp.org.br\/crp01\/wp-content\/uploads\/sites\/15\/2024\/10\/SEI_CFP-1883591-Ata-de-Reuniao.pdf"}],"_ata_reuniao":[{"id":43,"nome":"Assembleia Geral Ordin\u00e1ria","slug":"assembleia-geral-ordinaria-crp01","link":"https:\/\/dev-transparencia.cfp.org.br\/wp-json\/wp\/v2\/ata?atareuniao=assembleia-geral-ordinaria-crp01"}],"titulo":"ASSEMBL\u00c9IA GERAL EXTRAORDIN\u00c1RIA DO CONSELHO REGIONAL DE PSICOLOGIA DO DF \u2013 Deflagra\u00e7\u00e3o do processo eleitoral","conteudo":""}