
{"id":3277,"slug":"termo-de-posse-2","link":"https:\/\/transparencia.cfp.org.br\/crp01\/ata\/termo-de-posse-2\/","class_list":["post-3277","ata","type-ata","status-publish","hentry","ata_reuniao-termo-de-posse"],"documentos":[{"file_uploaded":3278,"document_name":"Termo de Posse","link":"https:\/\/transparencia.cfp.org.br\/crp01\/wp-content\/uploads\/sites\/15\/2019\/04\/digitaliza\u00e7\u00e3o0010.pdf"}],"_ata_reuniao":[{"id":51,"nome":"Termo de Posse","slug":"termo-de-posse","link":"https:\/\/dev-transparencia.cfp.org.br\/wp-json\/wp\/v2\/ata?atareuniao=termo-de-posse"}],"titulo":"Termo de Posse","conteudo":"Recomposi\u00e7\u00e3o da diretoria do XV Plen\u00e1rio \u2013\nIn\u00edcio em 06 de abril de 2019 e t\u00e9rmino em 27 de agosto de 2019.\n"}